{"id":1835,"date":"2020-02-27T08:49:46","date_gmt":"2020-02-27T07:49:46","guid":{"rendered":"https:\/\/verel-de-montbel.fr\/?p=1835"},"modified":"2021-02-23T08:08:36","modified_gmt":"2021-02-23T07:08:36","slug":"le-plu-a-ete-approuve-par-deliberation-du-03-fevrier-2020-dossier-accessible-depuis-onglet-urbanisme-plu","status":"publish","type":"post","link":"https:\/\/www.verel-de-montbel.fr\/mairie\/le-plu-a-ete-approuve-par-deliberation-du-03-fevrier-2020-dossier-accessible-depuis-onglet-urbanisme-plu\/","title":{"rendered":"Le PLU a \u00e9t\u00e9 approuv\u00e9 par d\u00e9lib\u00e9ration du 3\/02\/2020 (dossier accessible depuis onglet URBANISME -PLU)"},"content":{"rendered":"<p>[et_pb_section fb_built=\u00a0\u00bb1&Prime; _builder_version=\u00a0\u00bb4.9.0&Prime; _module_preset=\u00a0\u00bbdefault\u00a0\u00bb custom_padding=\u00a0\u00bb0px|||||\u00a0\u00bb][et_pb_row _builder_version=\u00a0\u00bb4.9.0&Prime; _module_preset=\u00a0\u00bbdefault\u00a0\u00bb custom_padding=\u00a0\u00bb14px|||||\u00a0\u00bb][et_pb_column _builder_version=\u00a0\u00bb4.9.0&Prime; _module_preset=\u00a0\u00bbdefault\u00a0\u00bb type=\u00a0\u00bb4_4&Prime;][et_pb_text _builder_version=\u00a0\u00bb4.9.0&Prime; _module_preset=\u00a0\u00bbdefault\u00a0\u00bb hover_enabled=\u00a0\u00bb0&Prime; sticky_enabled=\u00a0\u00bb0&Prime;]<\/p>\n<p>Le PLU de la commune a \u00e9t\u00e9 approuv\u00e9 par d\u00e9lib\u00e9ration le 3 f\u00e9vrier 2020.<\/p>\n<p>Retrouvez plus d&rsquo;infos en page PLU dans la rubrique Urbanisme et Environnent.<\/p>\n<p>[\/et_pb_text][et_pb_button button_url=\u00a0\u00bbhttps:\/\/www.verel-de-montbel.fr\/mairie\/p-l-u-plan-local-durbanisme\/\u00a0\u00bb button_text=\u00a0\u00bbEn savoir +\u00a0\u00bb button_alignment=\u00a0\u00bbcenter\u00a0\u00bb _builder_version=\u00a0\u00bb4.9.0&Prime; custom_button=\u00a0\u00bbon\u00a0\u00bb button_text_size=\u00a0\u00bb16px\u00a0\u00bb button_text_color=\u00a0\u00bb#ffffff\u00a0\u00bb button_bg_color=\u00a0\u00bb#359e52&Prime; button_border_width=\u00a0\u00bb0px\u00a0\u00bb button_border_radius=\u00a0\u00bb0px\u00a0\u00bb button_letter_spacing=\u00a0\u00bb1px\u00a0\u00bb button_font=\u00a0\u00bb|600||||on|||\u00a0\u00bb button_icon=\u00a0\u00bb%%28%%\u00a0\u00bb button_icon_color=\u00a0\u00bb#6dce63&Prime; button_on_hover=\u00a0\u00bboff\u00a0\u00bb custom_padding=\u00a0\u00bb|29px|||false|false\u00a0\u00bb hover_enabled=\u00a0\u00bb0&Prime; button_border_radius_hover=\u00a0\u00bb0px\u00a0\u00bb button_letter_spacing_hover=\u00a0\u00bb2px\u00a0\u00bb button_bg_color_hover=\u00a0\u00bb#605d5c\u00a0\u00bb button_text_size__hover_enabled=\u00a0\u00bboff\u00a0\u00bb button_one_text_size__hover_enabled=\u00a0\u00bboff\u00a0\u00bb button_two_text_size__hover_enabled=\u00a0\u00bboff\u00a0\u00bb button_text_color__hover_enabled=\u00a0\u00bboff\u00a0\u00bb button_one_text_color__hover_enabled=\u00a0\u00bboff\u00a0\u00bb button_two_text_color__hover_enabled=\u00a0\u00bboff\u00a0\u00bb button_border_width__hover_enabled=\u00a0\u00bboff\u00a0\u00bb button_one_border_width__hover_enabled=\u00a0\u00bboff\u00a0\u00bb button_two_border_width__hover_enabled=\u00a0\u00bboff\u00a0\u00bb button_border_color__hover_enabled=\u00a0\u00bboff\u00a0\u00bb button_one_border_color__hover_enabled=\u00a0\u00bboff\u00a0\u00bb button_two_border_color__hover_enabled=\u00a0\u00bboff\u00a0\u00bb button_border_radius__hover_enabled=\u00a0\u00bbon\u00a0\u00bb button_border_radius__hover=\u00a0\u00bb0px\u00a0\u00bb button_one_border_radius__hover_enabled=\u00a0\u00bboff\u00a0\u00bb button_two_border_radius__hover_enabled=\u00a0\u00bboff\u00a0\u00bb button_letter_spacing__hover_enabled=\u00a0\u00bbon\u00a0\u00bb button_letter_spacing__hover=\u00a0\u00bb2px\u00a0\u00bb button_one_letter_spacing__hover_enabled=\u00a0\u00bboff\u00a0\u00bb button_two_letter_spacing__hover_enabled=\u00a0\u00bboff\u00a0\u00bb button_bg_color__hover_enabled=\u00a0\u00bbon\u00a0\u00bb button_bg_color__hover=\u00a0\u00bb#605d5c\u00a0\u00bb button_one_bg_color__hover_enabled=\u00a0\u00bboff\u00a0\u00bb button_two_bg_color__hover_enabled=\u00a0\u00bboff\u00a0\u00bb custom_margin=\u00a0\u00bb26px||||false|false\u00a0\u00bb sticky_enabled=\u00a0\u00bb0&Prime;][\/et_pb_button][\/et_pb_column][\/et_pb_row][\/et_pb_section]<\/p>\n","protected":false},"excerpt":{"rendered":"<p>Le PLU de la commune a \u00e9t\u00e9 approuv\u00e9 par d\u00e9lib\u00e9ration le 3 f\u00e9vrier 2020. Retrouvez plus d&rsquo;infos en page PLU dans la rubrique Urbanisme et Environnent.<\/p>\n","protected":false},"author":3,"featured_media":1895,"comment_status":"closed","ping_status":"closed","sticky":false,"template":"","format":"standard","meta":{"_et_pb_use_builder":"on","_et_pb_old_content":"<p><em><span style=\"text-decoration: underline;\"><strong>L'enqu\u00eate publique pour la r\u00e9vision du PLU aura lieu du 04 d\u00e9cembre 2019 au 04 janvier 2020.<\/strong><\/span><\/em><\/p>\n<p>Les pi\u00e8ces du dossier, ainsi qu'un registre d'enqu\u00eate \u00e0 feuillets non mobiles, cot\u00e9 et paraph\u00e9 par le commissaire enqu\u00eateur, seront d\u00e9pos\u00e9s \u00e0 la mairie de VEREL DE MONTBEL, aux jours et heures habituels d'ouverture de la mairie, soit les mardis de 8 h 30 \u00e0 11 h 30 et les jeudis de 14 h \u00e0 18 h.<\/p>\n<p>Un poste informatique sera disponible en mairie, il peut \u00eatre utilis\u00e9 pour consulter le dossier aux horaires d\u2019ouverture cit\u00e9s ci-dessus.<\/p>\n<p>Pendant toute la dur\u00e9e de l\u2019enqu\u00eate, le public pourra prendre connaissance du dossier et consigner \u00e9ventuellement ses observations sur le registre d'enqu\u00eate pr\u00e9vu \u00e0 cet effet ou les adresser, par \u00e9crit, \u00e0\u00a0:<\/p>\n<p>Madame le Commissaire enqu\u00eateur,<\/p>\n<p>MAIRIE- Espace Chef-lieu<\/p>\n<p>\u00a073330 VEREL-DE-MONTBEL<\/p>\n<p>Ou par mail \u00e0 l\u2019adresse suivante<\/p>\n<p><a href=\"mailto:pluverel@orange.fr\">pluverel@orange.fr<\/a> (adresse effective \u00e0 partir 04 d\u00e9cembre 2019)<\/p>\n<p>Le dossier d\u2019enqu\u00eate publique est consultable et communicable aux frais de toute personne en faisant la demande.<\/p>\n<p><strong>Article 4 : Recueil des observations du public<\/strong><\/p>\n<p>Le commissaire enqu\u00eateur recevra le public lors de permanences en mairie, \u00a0les<\/p>\n<ul>\n\t<li><strong>Mercredi\u00a0 04 d\u00e9cembre 2019\u00a0 \u00a0 : de\u00a0\u00a0 8 h 30 \u00e0 11 h 30<\/strong><\/li>\n\t<li><strong>Jeudi\u00a0\u00a0\u00a0\u00a0\u00a0\u00a0\u00a0 12 d\u00e9cembre 2019 \u00a0\u00a0 : de\u00a0\u00a0 8 h 30 \u00e0 11 h 30<\/strong><\/li>\n\t<li><strong>Vendredi\u00a0 20 d\u00e9cembre 2019 \u00a0\u00a0 : de 14 h 00 \u00e0 18 h 00<\/strong><\/li>\n\t<li><strong>Samedi\u00a0\u00a0\u00a0\u00a0 04 janvier 2020 \u00a0\u00a0\u00a0\u00a0\u00a0\u00a0\u00a0 : de \u00a0\u00a09 h 00 \u00e0 12 h 00<\/strong><\/li>\n<\/ul>\n<p><span style=\"text-decoration: underline;\"><strong><em>CI-JOINT ARR\u00cbT\u00c9 DU MAIRE<\/em> <\/strong><\/span><\/p>","_et_gb_content_width":"","footnotes":""},"categories":[2,3],"tags":[],"class_list":["post-1835","post","type-post","status-publish","format-standard","has-post-thumbnail","hentry","category-a-la-une","category-information-municipale"],"publishpress_future_action":{"enabled":false,"date":"2026-05-05 16:08:03","action":"change-status","newStatus":"draft","terms":[],"taxonomy":"category","extraData":[]},"publishpress_future_workflow_manual_trigger":{"enabledWorkflows":[]},"_links":{"self":[{"href":"https:\/\/www.verel-de-montbel.fr\/mairie\/wp-json\/wp\/v2\/posts\/1835","targetHints":{"allow":["GET"]}}],"collection":[{"href":"https:\/\/www.verel-de-montbel.fr\/mairie\/wp-json\/wp\/v2\/posts"}],"about":[{"href":"https:\/\/www.verel-de-montbel.fr\/mairie\/wp-json\/wp\/v2\/types\/post"}],"author":[{"embeddable":true,"href":"https:\/\/www.verel-de-montbel.fr\/mairie\/wp-json\/wp\/v2\/users\/3"}],"replies":[{"embeddable":true,"href":"https:\/\/www.verel-de-montbel.fr\/mairie\/wp-json\/wp\/v2\/comments?post=1835"}],"version-history":[{"count":2,"href":"https:\/\/www.verel-de-montbel.fr\/mairie\/wp-json\/wp\/v2\/posts\/1835\/revisions"}],"predecessor-version":[{"id":2229,"href":"https:\/\/www.verel-de-montbel.fr\/mairie\/wp-json\/wp\/v2\/posts\/1835\/revisions\/2229"}],"wp:featuredmedia":[{"embeddable":true,"href":"https:\/\/www.verel-de-montbel.fr\/mairie\/wp-json\/wp\/v2\/media\/1895"}],"wp:attachment":[{"href":"https:\/\/www.verel-de-montbel.fr\/mairie\/wp-json\/wp\/v2\/media?parent=1835"}],"wp:term":[{"taxonomy":"category","embeddable":true,"href":"https:\/\/www.verel-de-montbel.fr\/mairie\/wp-json\/wp\/v2\/categories?post=1835"},{"taxonomy":"post_tag","embeddable":true,"href":"https:\/\/www.verel-de-montbel.fr\/mairie\/wp-json\/wp\/v2\/tags?post=1835"}],"curies":[{"name":"wp","href":"https:\/\/api.w.org\/{rel}","templated":true}]}}